{"id":785,"global_id":"www.tarby.org?id=785","global_id_lineage":["www.tarby.org?id=785"],"author":"9","status":"publish","date":"2026-01-20 12:00:55","date_utc":"2026-01-20 11:00:55","modified":"2026-01-20 12:00:55","modified_utc":"2026-01-20 11:00:55","url":"https:\/\/www.tarby.org\/index.php\/event\/lokal-beredskap-tillsammans\/","rest_url":"https:\/\/www.tarby.org\/index.php\/wp-json\/tribe\/events\/v1\/events\/785","title":"Lokal Beredskap \u2013 Tillsammans","description":"<div  class=\"tribe-events-schedule tribe-clearfix\" >\n\t<p class=\"tribe-events-schedule__datetime\">\n\t\t<span class=\"tribe-events-schedule__date tribe-events-schedule__date--start\">\n\t\t\t\t\t<\/span>\n\n\t\t\t\t\t<span class=\"tribe-events-schedule__separator tribe-events-schedule__separator--date\">\n\t\t\t\t @ \t\t\t<\/span>\n\t\t\t<span class=\"tribe-events-schedule__time tribe-events-schedule__time--start\">\n\t\t\t\t\t\t\t<\/span>\n\t\t\n\t\t\t<\/p>\n<\/div>\n\n\n\n<p>L\u00f6rdagen den 28 februari bjuder vi in till en inspirerande eftermiddag i T\u00e4rby Hembygdsg\u00e5rd. H\u00e4r f\u00e5r du<br>ta del av tips, inspiration och kanske ny kunskap som st\u00e4rker b\u00e5de din egen och v\u00e5r gemensamma,<br>lokala, beredskap.<\/p>\n\n\n\n<p><br>Kunskapsv\u00e4rdar fr\u00e5n byn delar med sig av erfarenheter och kunskap kring bland annat egenv\u00e5rd,<br>vattentillf\u00f6rsel, mathantverk, kommunikation, solel med mera.<\/p>\n\n\n\n<p><br>Denna eftermiddag kommer vi \u00e4ven f\u00e5 bes\u00f6k av n\u00e5gra externa akt\u00f6rer. Redan nu \u00e4r det klart att Bor\u00e5s Stad<br>och S\u00f6dra \u00c4lvsborgs R\u00e4ddningstj\u00e4nstf\u00f6rbund kommer att finnas p\u00e5 plats.<\/p>\n\n\n\n<p><br>Drop In 14,00\u201316,00.<br>\u00d6ppet till 17,00.<\/p>\n\n\n\n<p><br>L\u00e4ttare f\u00f6rt\u00e4ring kommer finnas att k\u00f6pa.<br>OBS! Vill du f\u00f6rboka en l\u00e4ttare f\u00f6rt\u00e4ring till rabatterat pris, g\u00f6rs dettas genom att betala 25:-\/person via<br>Swish. M\u00e4rks 28\/2 samt namnen p\u00e5 deltagarna. F\u00f6rbokning senast 25\/2 p\u00e5 Swishnummer 123-458 61 29.<br>(Obs! En f\u00f6rbokad l\u00e4ttare f\u00f6rt\u00e4ring per 25:-)<\/p>\n\n\n\n<p><br>Varmt v\u00e4lkommen till en eftermiddag f\u00f6r b\u00e5de din och bygdens trygghet!<br>T\u00e4rby Byalag<\/p>\n\n\n\n<p><\/p>\n\n\n<div  class=\"tribe-block tribe-block__event-price\" >\n\t\t<\/div>\n\n\n\n\n<div  class=\"tribe-block tribe-block__venue tribe-clearfix\" >\n\t\n\t\t\n\t<\/div>\n\n\n\n\n\t<div  class=\"tribe-block tribe-block__events-link\" >\n\t\t<div class=\"tribe-events tribe-common\">\n\t\t\t<div class=\"tribe-events-c-subscribe-dropdown__container\">\n\t\t\t\t<div class=\"tribe-events-c-subscribe-dropdown\">\n\t\t\t\t\t<div class=\"tribe-common-c-btn-border tribe-events-c-subscribe-dropdown__button\">\n\t\t\t\t\t\t<svg\n\t class=\"tribe-common-c-svgicon tribe-common-c-svgicon--cal-export tribe-events-c-subscribe-dropdown__export-icon\" \taria-hidden=\"true\"\n\tviewBox=\"0 0 23 17\"\n\txmlns=\"http:\/\/www.w3.org\/2000\/svg\"\n>\n\t<path fill-rule=\"evenodd\" clip-rule=\"evenodd\" d=\"M.128.896V16.13c0 .211.145.383.323.383h15.354c.179 0 .323-.172.323-.383V.896c0-.212-.144-.383-.323-.383H.451C.273.513.128.684.128.896Zm16 6.742h-.901V4.679H1.009v10.729h14.218v-3.336h.901V7.638ZM1.01 1.614h14.218v2.058H1.009V1.614Z\" \/>\n\t<path d=\"M20.5 9.846H8.312M18.524 6.953l2.89 2.909-2.855 2.855\" stroke-width=\"1.2\" stroke-linecap=\"round\" stroke-linejoin=\"round\"\/>\n<\/svg>\n\t\t\t\t\t\t<button\n\t\t\t\t\t\t\tclass=\"tribe-events-c-subscribe-dropdown__button-text\"\n\t\t\t\t\t\t\taria-expanded=\"false\"\n\t\t\t\t\t\t\taria-controls=\"tribe-events-subscribe-dropdown-content\"\n\t\t\t\t\t\t\taria-label=\"Visa l\u00e4nkar f\u00f6r att l\u00e4gga till evenemang i din kalender\"\n\t\t\t\t\t\t>\n\t\t\t\t\t\t\tL\u00e4gg till i kalender\t\t\t\t\t\t<\/button>\n\t\t\t\t\t\t<svg\n\t class=\"tribe-common-c-svgicon tribe-common-c-svgicon--caret-down tribe-events-c-subscribe-dropdown__button-icon\" \taria-hidden=\"true\"\n\tviewBox=\"0 0 10 7\"\n\txmlns=\"http:\/\/www.w3.org\/2000\/svg\"\n>\n\t<path fill-rule=\"evenodd\" clip-rule=\"evenodd\" d=\"M1.008.609L5 4.6 8.992.61l.958.958L5 6.517.05 1.566l.958-.958z\" class=\"tribe-common-c-svgicon__svg-fill\"\/>\n<\/svg>\n\t\t\t\t\t<\/div>\n\t\t\t\t\t<div id=\"tribe-events-subscribe-dropdown-content\" class=\"tribe-events-c-subscribe-dropdown__content\">\n\t\t\t\t\t\t<ul class=\"tribe-events-c-subscribe-dropdown__list\">\n\t\t\t\t\t\t\t\t\t\t\t\t\t\t\t<li class=\"tribe-events-c-subscribe-dropdown__list-item tribe-events-c-subscribe-dropdown__list-item--gcal\">\n\t\t\t\t\t\t\t\t\t<a\n\t\t\t\t\t\t\t\t\t\thref=\"\"\n\t\t\t\t\t\t\t\t\t\tclass=\"tribe-events-c-subscribe-dropdown__list-item-link\"\n\t\t\t\t\t\t\t\t\t\ttarget=\"_blank\"\n\t\t\t\t\t\t\t\t\t\trel=\"noopener noreferrer nofollow noindex\"\n\t\t\t\t\t\t\t\t\t>\n\t\t\t\t\t\t\t\t\t\tGoogle Kalender\t\t\t\t\t\t\t\t\t<\/a>\n\t\t\t\t\t\t\t\t<\/li>\n\t\t\t\t\t\t\t\t\t\t\t\t\t\t\t<li class=\"tribe-events-c-subscribe-dropdown__list-item tribe-events-c-subscribe-dropdown__list-item--ical\">\n\t\t\t\t\t\t\t\t\t<a\n\t\t\t\t\t\t\t\t\t\thref=\"\"\n\t\t\t\t\t\t\t\t\t\tclass=\"tribe-events-c-subscribe-dropdown__list-item-link\"\n\t\t\t\t\t\t\t\t\t\ttarget=\"_blank\"\n\t\t\t\t\t\t\t\t\t\trel=\"noopener noreferrer nofollow noindex\"\n\t\t\t\t\t\t\t\t\t>\n\t\t\t\t\t\t\t\t\t\tiCalendar\t\t\t\t\t\t\t\t\t<\/a>\n\t\t\t\t\t\t\t\t<\/li>\n\t\t\t\t\t\t\t\t\t\t\t\t\t\t\t<li class=\"tribe-events-c-subscribe-dropdown__list-item tribe-events-c-subscribe-dropdown__list-item--outlook-365\">\n\t\t\t\t\t\t\t\t\t<a\n\t\t\t\t\t\t\t\t\t\thref=\"\"\n\t\t\t\t\t\t\t\t\t\tclass=\"tribe-events-c-subscribe-dropdown__list-item-link\"\n\t\t\t\t\t\t\t\t\t\ttarget=\"_blank\"\n\t\t\t\t\t\t\t\t\t\trel=\"noopener noreferrer nofollow noindex\"\n\t\t\t\t\t\t\t\t\t>\n\t\t\t\t\t\t\t\t\t\tOutlook 365\t\t\t\t\t\t\t\t\t<\/a>\n\t\t\t\t\t\t\t\t<\/li>\n\t\t\t\t\t\t\t\t\t\t\t\t\t\t\t<li class=\"tribe-events-c-subscribe-dropdown__list-item tribe-events-c-subscribe-dropdown__list-item--outlook-live\">\n\t\t\t\t\t\t\t\t\t<a\n\t\t\t\t\t\t\t\t\t\thref=\"\"\n\t\t\t\t\t\t\t\t\t\tclass=\"tribe-events-c-subscribe-dropdown__list-item-link\"\n\t\t\t\t\t\t\t\t\t\ttarget=\"_blank\"\n\t\t\t\t\t\t\t\t\t\trel=\"noopener noreferrer nofollow noindex\"\n\t\t\t\t\t\t\t\t\t>\n\t\t\t\t\t\t\t\t\t\tOutlook Live\t\t\t\t\t\t\t\t\t<\/a>\n\t\t\t\t\t\t\t\t<\/li>\n\t\t\t\t\t\t\t\t\t\t\t\t\t<\/ul>\n\t\t\t\t\t<\/div>\n\t\t\t\t<\/div>\n\t\t\t<\/div>\n\t\t<\/div>\n\t<\/div>","excerpt":"","slug":"lokal-beredskap-tillsammans","image":{"url":"https:\/\/www.tarby.org\/wp-content\/uploads\/2026\/01\/AFFISCH-Inbjudan-Lokal-Beredskap-Tillsammans-1-pdf.jpg","id":787,"extension":"pdf"},"all_day":false,"start_date":"2026-02-28 14:00:00","start_date_details":{"year":"2026","month":"02","day":"28","hour":"14","minutes":"00","seconds":"00"},"end_date":"2026-02-28 17:00:00","end_date_details":{"year":"2026","month":"02","day":"28","hour":"17","minutes":"00","seconds":"00"},"utc_start_date":"2026-02-28 13:00:00","utc_start_date_details":{"year":"2026","month":"02","day":"28","hour":"13","minutes":"00","seconds":"00"},"utc_end_date":"2026-02-28 16:00:00","utc_end_date_details":{"year":"2026","month":"02","day":"28","hour":"16","minutes":"00","seconds":"00"},"timezone":"Europe\/Stockholm","timezone_abbr":"","cost":"","cost_details":{"currency_symbol":"$","currency_code":"USD","currency_position":"prefix","values":[]},"website":"","show_map":false,"show_map_link":false,"hide_from_listings":false,"sticky":false,"featured":false,"categories":[],"tags":[],"venue":[],"organizer":[],"custom_fields":[],"json_ld":{"@context":"http:\/\/schema.org","@type":"Event","name":"Lokal Beredskap \u2013 Tillsammans","description":"&lt;p&gt;L\u00f6rdagen den 28 februari bjuder vi in till en inspirerande eftermiddag i T\u00e4rby Hembygdsg\u00e5rd. H\u00e4r f\u00e5r duta del av tips, inspiration och kanske ny kunskap som st\u00e4rker b\u00e5de din egen och v\u00e5r gemensamma,lokala, beredskap. Kunskapsv\u00e4rdar fr\u00e5n byn delar med sig&lt;\/p&gt;\\n","image":"https:\/\/www.tarby.org\/wp-content\/uploads\/2026\/01\/AFFISCH-Inbjudan-Lokal-Beredskap-Tillsammans-1.pdf","url":"https:\/\/www.tarby.org\/index.php\/event\/lokal-beredskap-tillsammans\/","eventAttendanceMode":"https:\/\/schema.org\/OfflineEventAttendanceMode","eventStatus":"https:\/\/schema.org\/EventScheduled","startDate":"2026-02-28T14:00:00+01:00","endDate":"2026-02-28T17:00:00+01:00","performer":"Organization"}}